{"id":350,"date":"2016-03-18T18:15:36","date_gmt":"2016-03-18T17:15:36","guid":{"rendered":"http:\/\/www.spagnasoft.net\/?p=350"},"modified":"2017-06-27T08:53:28","modified_gmt":"2017-06-27T06:53:28","slug":"il-vero-ostacolo-del-digitale-italia","status":"publish","type":"post","link":"https:\/\/www.spagnasoft.net\/?p=350","title":{"rendered":"Il vero ostacolo del digitale in Italia"},"content":{"rendered":"<h2 style=\"text-align: justify;\">Il digitale, ossia l&#8217;automatizzazione di processi e\/o la fornitura via telematica di informazioni, porta con se un&#8217;aspetto che la mentalit\u00e0 italiana non vuole comprendere.<br \/>\nLA MISURAZIONE<\/h2>\n<p style=\"text-align: justify;\">Mediante un&#8217;approccio digitale ogni passaggio, ogni operazione ed ogni accesso \u00e8 tracciato da qualche parte e di conseguenza \u00e8 possibile misurare le tempistiche ed i passaggi.<br \/>\nSe normalmente avere una base statistica per capire ove esistono gli intoppi o identificare eventuali margini di miglioramento, questo viene visto come una metodo di &#8220;controllo&#8221; e di coercizione.<br \/>\nDa un lato \u00e8 indubbiamente vero che misurare il lavoro di una persona \u00e8 un&#8217;operazione di per se meschina, dall&#8217;altro la somma delle misurazioni consente di avere un quadro generale per capire, analizzare e ispezionare i punti fallaci del proprio modo di lavorare.<\/p>\n<p style=\"text-align: justify;\">Vi racconter\u00f2 alcune storie, reali anche se un po&#8217; romanzate, che esemplificano il timore che questo approccio porta con s\u00e9 ed il motivo per cui sar\u00e0 difficile introdurre questo tipo di approccio in Italia.<\/p>\n<h3 style=\"text-align: justify;\">Partiamo dal settore pubblico.<\/h3>\n<p style=\"text-align: justify;\">Un uomo ha una mansarda e gli piacerebbe capire se ristrutturando riuscisse a ricavare una stanza in pi\u00f9 per la nuova nata in famiglia.<br \/>\nSi rivolge ad un professionista amico che candidamente gli risponde che ci vorr\u00e0 molto tempo per capire se e come pu\u00f2 essere fatta questa operazione.<br \/>\nI passaggi che l&#8217;amico architetto gli elenca sono:<br \/>\n&#8211; Recuperare il maggior numero di documenti in proprio possesso perch\u00e9 &#8220;il personale del comune, spesso, non ha molta voglia di scartabellare per trovare i dati che necessitano&#8221;<br \/>\n&#8211; eventuale visura<br \/>\n&#8211; attesa perch\u00e9 non c&#8217;\u00e8 nulla di reperibile al comuputer ma solo su carta<br \/>\n&#8211; Comparazione dei dati del comune con quelli del catasto, possono differire e bisogna capire come e se sanare la situazione<br \/>\n&#8211; verifica se la visura indica ci\u00f2 che ci serve<br \/>\n&#8211; effettuare ulteriore visura su altro, che so&#8217; l&#8217;immobile tutto oppure il lotto.<br \/>\n&#8211; colloquio informale con ufficio tecnico portando in mano tutte le carte possibili, sempre perch\u00e9 non sempre ci si trova davanti persone al servizio del pubblico.<br \/>\n&#8211; valutazione con il cliente se proseguire o meno in base ai vincoli, agli impedimenti o possibile rigetto del progetto per un qualsiasi motivo<br \/>\n&#8211; creazione del progetto<br \/>\n&#8211; valutazione del cliente<br \/>\n&#8211; presentazione del progetto alle autorit\u00e0<br \/>\n&#8211; valutazione con il cliente per eventuale rigetto<br \/>\n&#8211; ulteriore colloquio informale<br \/>\n&#8211; eventuale nuovo progetto<br \/>\n&#8211; realizzazione<br \/>\n&#8211; continuo controllo e impedimenti vari<br \/>\n&#8211; pagare tutti (professionista, impresa, oneri al comune etc etc )<\/p>\n<p style=\"text-align: justify;\">Il cliente si trova un po&#8217; spaesato di fronte a questa tiritera, che \u00e8 stata semplificata e accorciata per motivi editoriali, e chiede candidamente:<br \/>\n&#8220;ma non \u00e8 possibile fare una richiesta di valutazione preventiva con una bozza di progetto?&#8221;<\/p>\n<p style=\"text-align: justify;\">risposta:<br \/>\n&#8220;no, non funziona cos\u00ec&#8221;<\/p>\n<p style=\"text-align: justify;\">la morale \u00e8 che la chiarezza e la trasparenza \u00e8 elemento assente in questa narrazione il perch\u00e9 \u00e8 facilmente individuabile:<br \/>\n&#8211; avere i dati di facile reperibilit\u00e0 \u00e8 impossibile perch\u00e9 il ritardo \u00e8 immane<br \/>\n&#8211; il potere di gerarchi pubblici (impiegati, funzionari e politici) non pu\u00f2 essere effettuato se tutti i cavilli sono chiari e facilmente individuabili<br \/>\n&#8211; il timore che a fronte di dati certi non c&#8217;\u00e8 un indotto di &#8220;fatturazione\/esborso&#8221; da parte del cliente per quanto riguarda l&#8217;architetto, la ditta che costruisce per i ritardi, il comune per eventuali opere compensative o oneri, nonch\u00e9 essere a conoscenza delle tasse future dovute al cambio.<br \/>\n&#8211; la tempistica di ogni operazione non \u00e8 un dato noto, non si conoscono i passaggi interni<br \/>\n&#8211; ogni iterazione ha un costo per il cliente finale<br \/>\n&#8211; ogni informazione \u00e8 spesso estratta in maniera atomica, dettaglio per dettaglio, vincolo per vincolo.<br \/>\n&#8211; il dirigente pu\u00f2 sempre fornire numeri o dati che non possono essere confutati<br \/>\n&#8211; il dirigente, gli impiegati e gli attori tutti (tranne il cliente) possono proseguire come hanno sempre fatto lasciando ogni responsabilit\u00e0 ed onere al povero malcapitato<\/p>\n<h3 style=\"text-align: justify;\">quale sarebbe l&#8217;iterazione in un mondo digitale?<\/h3>\n<p style=\"text-align: justify;\">Un uomo ha una mansarda e gli piacerebbe capire se ristrutturando riuscisse a ricavare una stanza in pi\u00f9 per la nuova nata in famiglia.<br \/>\nSi rivolge ad un professionista che gli elenca gli eventuali costi in un preventivo, nonch\u00e9 i passaggi operativi<br \/>\n&#8211; il professionista per conto del cliente richiede in via telematica i documenti da visionare<br \/>\n&#8211; il professionista verifica la fattibilit\u00e0 ed i vincoli<br \/>\n&#8211; il professionista sottopone il progetto al cliente<br \/>\n&#8211; il professionista in via telematica presenta il progetto ed in temi certi ne ottiene l&#8217;approvazione<br \/>\n&#8211; si iniziano i lavori<br \/>\n&#8211; si terminano i lavoro<br \/>\n&#8211; si pagano gli oneri<br \/>\ne vissero tutti contenti e beati<\/p>\n<h3 style=\"text-align: justify;\">Passiamo ora ad un&#8217;altro esempio, una realt\u00e0 PMI in ambito IT (che dovrebbe essere digitale di default)<\/h3>\n<p style=\"text-align: justify;\">Un dipendente subissato dalle richieste di informazioni chiede di impostare il lavoro in maniera pi\u00f9 organica.<br \/>\nI suggerimenti del dipendente sono i seguenti:<br \/>\n&#8211; rifare od acquistare un software gestionale<br \/>\n&#8211; rifare si fa quello che si vuole<br \/>\n&#8211; comprare va bene uguale, tanto se vendi patate o IT sempre delle operazioni sui dati devi fare<br \/>\n&#8211; far inserire ai commerciali tutte le offerte all&#8217;interno del sistema<br \/>\n&#8211; la catalogazione dei servizi<br \/>\n&#8211; la granularit\u00e0 dei servizi con eventuali sotto servizi<br \/>\n&#8211; avere una base statistica del per il prezzo di vendita ed eventuale scoutistica media applicata<br \/>\n&#8211; se comprato integrare con eventuale sistema di CRM<br \/>\n&#8211; se auto prodotto strutturare un CRM con i dati presenti<br \/>\n&#8211; avere informazioni di previsione<br \/>\n&#8211; la trasformazione di offerta in ordine<br \/>\n&#8211; un click all&#8217;arrivo dell&#8217;ordine<br \/>\n&#8211; l&#8217;esplosione dell&#8217;ordine in compiti<br \/>\n&#8211; gestione e monitor del compito<br \/>\n&#8211; gestione progettuale con integrato staffing \/ pianificazione e verifica<br \/>\n&#8211; il collegamento dei prodotti acquistati con il servizio clienti<br \/>\n&#8211; &#8230;.<br \/>\n&#8230;.<br \/>\n&#8230;<\/p>\n<p style=\"text-align: justify;\">A fronte di queste richieste \u00e8 stato apostrofato in maniere poco eleganti, le motivazioni sono state le seguenti<br \/>\n&#8211; un commerciale non deve perdere tempo in un sistema a scrivere cose che non servono<br \/>\n&#8211; tutti i dati servono li e li solamente<br \/>\n&#8211; al marketing non interessa niente sulla prezzo di vendita media<br \/>\n&#8211; i report che richiediamo sono solo questi, in questo formato e basta<\/p>\n<p style=\"text-align: justify;\">si \u00e8 quindi proceduto a svilupparlo internamente senza tenere conto delle osservazioni.. sviluppato solo l&#8217;essenziale<\/p>\n<p style=\"text-align: justify;\">ma andando avanti negli anni arrivano una serie di richieste del tipo:<br \/>\n&#8211; quando arriva l&#8217;ordine non volgiamo che qualcuno reinserisca tutti i dati, c&#8217;\u00e8 un modo per inserirli automaticamente? un commerciale o il reparto amministrativo non deve fare due volte il lavoro che ha fatto un&#8217;altro.<br \/>\n&#8211; \u00e8 possibile integrare &#8220;questi&#8221; dati con &#8220;questi altri&#8221; cos\u00ec si ha la percezione e la gestione pi\u00f9 organica del &#8220;magazzino&#8221;<br \/>\n&#8211; \u00e8 possibile vedere il prezzo medio di vendita e compararlo con una dato tirato fuori dalla somma di questi Excel?<br \/>\n&#8211; \u00e8 possibile &#8220;splittare&#8221; questo campo in maniera temporale?<\/p>\n<p style=\"text-align: justify;\">al che il dipendente ha capito la vera ragione delle obbiezioni di prima:<br \/>\n&#8211; i commerciali avevano paura di essere valutati per quello che facevano<br \/>\n&#8211; ogni reparto voleva lavorare in maniera stagna perch\u00e9, si \u00e8 sempre fatto cos\u00ec<br \/>\n&#8211; il marketing non aveva interesse ad analizzare dati, preferiva fare solo &#8220;promozione&#8221; ed eventi. non sono strutturati per fari i conti. e se poi qualcuno li fa magari ci\u00f2 che viene fuori \u00e8 che la campagna &#8220;xyz&#8221; non ha avuto successo<br \/>\n&#8211; quando il capo chiede dettagli in pi\u00f9, posso sempre dire che non ho i dati e rimane tutto cos\u00ec&#8230;<\/p>\n<h3 style=\"text-align: justify;\">Per farla breve: &#8220;abbiamo sempre fatto cos\u00ec e non volgiamo cambiare perch\u00e9 abbiamo paura del cambiamento&#8221;.<\/h3>\n<p style=\"text-align: justify;\">Quando dall&#8217;alto arrivano richieste perch\u00e9 il competitor presenta dei dati e noi non sappiamo come andarli a prendere tutti si sono mossi e imputando al povero dipendente la scarsa lungimiranza hanno trovato il capro espiatorio.<br \/>\nIn sostanza la logica dello scarica barile!<\/p>\n<p style=\"text-align: justify;\">Queste due storie fanno capire che il cambiamento verso la mentalit\u00e0 digitale \u00e8 auspicabile se non imprescindibile proprio per garantire che un sistema sia funzionante.<br \/>\nPartendo dal proprio piccolo, dal report o dall&#8217;inserimento di un dato che qualcun&#8217;altro utilizzer\u00e0<br \/>\nDalla fornitura chiara e specifica di un informazione che qualcuno chiede, siamo tutti nella stessa barca!<\/p>\n<p style=\"text-align: justify;\">(Volevo scriverlo su ADD&#8230; ma \u00e8 troppo lungo&#8230; quindi faccio il verboso a casa mia!!!)<\/p>\n","protected":false},"excerpt":{"rendered":"<p>Il digitale, ossia l&#8217;automatizzazione di processi e\/o la fornitura via telematica di informazioni, porta con se un&#8217;aspetto che la mentalit\u00e0 italiana non vuole comprendere.<br \/>\nLA MISURAZIONE<\/p>\n","protected":false},"author":1,"featured_media":351,"comment_status":"closed","ping_status":"closed","sticky":false,"template":"","format":"standard","meta":{"_crdt_document":"","advanced_seo_description":"","jetpack_seo_html_title":"","jetpack_seo_noindex":false,"_jetpack_memberships_contains_paid_content":false,"footnotes":"","jetpack_publicize_message":"","jetpack_publicize_feature_enabled":true,"jetpack_social_post_already_shared":true,"jetpack_social_options":{"image_generator_settings":{"template":"highway","default_image_id":0,"font":"","enabled":false},"version":2}},"categories":[7,1],"tags":[9,39],"class_list":["post-350","post","type-post","status-publish","format-standard","has-post-thumbnail","hentry","category-add","category-pensiero","tag-politica","tag-sistema"],"jetpack_publicize_connections":[],"jetpack_featured_media_url":"https:\/\/www.spagnasoft.net\/wp-content\/uploads\/2016\/03\/cropped-11041888_806143949435273_4274867850821068842_o-e14259129679431.jpg","jetpack_sharing_enabled":true,"jetpack-related-posts":[{"id":123,"url":"https:\/\/www.spagnasoft.net\/?p=123","url_meta":{"origin":350,"position":0},"title":"Ciao e grazie cara civic!","author":"Spagna","date":"28 Agosto 2015","format":false,"excerpt":"Tra gli archivi del Web ho ritroivato un mio vecchio scritto sulla mia piccola civic \u00a0 La mia amata Civic \u00e8 gi\u00e0 dal concessionario... Ha fatto tanti km con me, abbiamo avuto tante avventure insieme, ha dato passaggi a tante signorine, alcune buone, alcune bone e qualche stronza. Mi ricordo\u2026","rel":"","context":"In &quot;Pensiero&quot;","block_context":{"text":"Pensiero","link":"https:\/\/www.spagnasoft.net\/?cat=1"},"img":{"alt_text":"HondaCivic","src":"https:\/\/i0.wp.com\/www.spagnasoft.net\/wp-content\/uploads\/2015\/08\/Civic-61.jpg?resize=350%2C200&ssl=1","width":350,"height":200,"srcset":"https:\/\/i0.wp.com\/www.spagnasoft.net\/wp-content\/uploads\/2015\/08\/Civic-61.jpg?resize=350%2C200&ssl=1 1x, https:\/\/i0.wp.com\/www.spagnasoft.net\/wp-content\/uploads\/2015\/08\/Civic-61.jpg?resize=525%2C300&ssl=1 1.5x, https:\/\/i0.wp.com\/www.spagnasoft.net\/wp-content\/uploads\/2015\/08\/Civic-61.jpg?resize=700%2C400&ssl=1 2x, https:\/\/i0.wp.com\/www.spagnasoft.net\/wp-content\/uploads\/2015\/08\/Civic-61.jpg?resize=1050%2C600&ssl=1 3x"},"classes":[]},{"id":283,"url":"https:\/\/www.spagnasoft.net\/?p=283","url_meta":{"origin":350,"position":1},"title":"Storytelling, favole per bambini che non rispettano l&#8217;intelligenza altrui.","author":"Spagna","date":"26 Novembre 2015","format":false,"excerpt":"Vi racconto una storia....","rel":"","context":"In &quot;musica&quot;","block_context":{"text":"musica","link":"https:\/\/www.spagnasoft.net\/?cat=3"},"img":{"alt_text":"Storie Inutili","src":"https:\/\/i0.wp.com\/www.spagnasoft.net\/wp-content\/uploads\/2015\/11\/Alzati-La-Gonna-cover1.jpg?resize=350%2C200&ssl=1","width":350,"height":200},"classes":[]},{"id":11,"url":"https:\/\/www.spagnasoft.net\/?p=11","url_meta":{"origin":350,"position":2},"title":"Il mio naso","author":"Spagna","date":"1 Settembre 2010","format":"aside","excerpt":"Perso per un ospedale, c\u2019\u00e8 chi dice la.. c\u2019\u00e8 chi dice qua.. ma alla fine sono riuscito a trovare il mio posto. Facciamo sti esami e poi facciamoci aprire il naso. Il buon MD mi ha fatto la scansione al naso che confronteremo con la versione nuova che far\u00e0 il\u2026","rel":"","context":"In &quot;Pensiero&quot;","block_context":{"text":"Pensiero","link":"https:\/\/www.spagnasoft.net\/?cat=1"},"img":{"alt_text":"SpagnaSimp","src":"https:\/\/i0.wp.com\/www.spagnasoft.net\/wp-content\/uploads\/2014\/11\/spagna-sinpson-your_image.png?resize=350%2C200&ssl=1","width":350,"height":200},"classes":[]},{"id":383,"url":"https:\/\/www.spagnasoft.net\/?p=383","url_meta":{"origin":350,"position":3},"title":"Good covers","author":"Spagna","date":"2 Maggio 2016","format":false,"excerpt":"Una lista (in aggiornamento continuo) di cover che rendono merito all'originale.. che ogni tanto sono addirittura meglio!","rel":"","context":"In &quot;musica&quot;","block_context":{"text":"musica","link":"https:\/\/www.spagnasoft.net\/?cat=3"},"img":{"alt_text":"vinyl","src":"https:\/\/i0.wp.com\/www.spagnasoft.net\/wp-content\/uploads\/2016\/05\/vinyl-698897_960_7201.jpg?resize=350%2C200&ssl=1","width":350,"height":200,"srcset":"https:\/\/i0.wp.com\/www.spagnasoft.net\/wp-content\/uploads\/2016\/05\/vinyl-698897_960_7201.jpg?resize=350%2C200&ssl=1 1x, https:\/\/i0.wp.com\/www.spagnasoft.net\/wp-content\/uploads\/2016\/05\/vinyl-698897_960_7201.jpg?resize=525%2C300&ssl=1 1.5x, https:\/\/i0.wp.com\/www.spagnasoft.net\/wp-content\/uploads\/2016\/05\/vinyl-698897_960_7201.jpg?resize=700%2C400&ssl=1 2x"},"classes":[]},{"id":96,"url":"https:\/\/www.spagnasoft.net\/?p=96","url_meta":{"origin":350,"position":4},"title":"La politica, l&#8217;EU ed il sistema!","author":"Spagna","date":"26 Giugno 2015","format":"aside","excerpt":"La politica Italiana, Europea e di sistema! Come vedo le cose e cosa sostengo. In questo piccolo articolo vorrei esporre il mio parere, soggettivo e opinabile!","rel":"","context":"In &quot;Pensiero&quot;","block_context":{"text":"Pensiero","link":"https:\/\/www.spagnasoft.net\/?cat=1"},"img":{"alt_text":"Politica EU","src":"https:\/\/i0.wp.com\/www.spagnasoft.net\/wp-content\/uploads\/2015\/06\/European-parliament-strasbourg-inside.jpg?resize=350%2C200&ssl=1","width":350,"height":200,"srcset":"https:\/\/i0.wp.com\/www.spagnasoft.net\/wp-content\/uploads\/2015\/06\/European-parliament-strasbourg-inside.jpg?resize=350%2C200&ssl=1 1x, https:\/\/i0.wp.com\/www.spagnasoft.net\/wp-content\/uploads\/2015\/06\/European-parliament-strasbourg-inside.jpg?resize=525%2C300&ssl=1 1.5x"},"classes":[]},{"id":18,"url":"https:\/\/www.spagnasoft.net\/?p=18","url_meta":{"origin":350,"position":5},"title":"Utopia per Utopia.. gli ultimi sarannoi primi!!!","author":"Spagna","date":"1 Luglio 2009","format":"aside","excerpt":"\u00a0Scorporo Telecom Italia, nessuno lo vuole pi\u00f9!!!! Dario D\u2019Elia \u201cAnche Asstel, l\u2019associazione di Confindustria del settore TLC, sostiene che lo scorporo Telecom sia sbagliato\u201d Le societ\u00e0 di Telecomunicazioni italiane non credono che lo scorporo Telecom sia una soluzione per il digital divide. Separare la rete Telecom Italia dai suoi servizi\u2026","rel":"","context":"In &quot;ADD&quot;","block_context":{"text":"ADD","link":"https:\/\/www.spagnasoft.net\/?cat=7"},"img":{"alt_text":"ADD","src":"https:\/\/i0.wp.com\/www.spagnasoft.net\/wp-content\/uploads\/2009\/07\/g2557.png?resize=350%2C200&ssl=1","width":350,"height":200,"srcset":"https:\/\/i0.wp.com\/www.spagnasoft.net\/wp-content\/uploads\/2009\/07\/g2557.png?resize=350%2C200&ssl=1 1x, https:\/\/i0.wp.com\/www.spagnasoft.net\/wp-content\/uploads\/2009\/07\/g2557.png?resize=525%2C300&ssl=1 1.5x, https:\/\/i0.wp.com\/www.spagnasoft.net\/wp-content\/uploads\/2009\/07\/g2557.png?resize=700%2C400&ssl=1 2x"},"classes":[]}],"jetpack_shortlink":"https:\/\/wp.me\/p6mc1T-5E","amp_enabled":true,"_links":{"self":[{"href":"https:\/\/www.spagnasoft.net\/index.php?rest_route=\/wp\/v2\/posts\/350","targetHints":{"allow":["GET"]}}],"collection":[{"href":"https:\/\/www.spagnasoft.net\/index.php?rest_route=\/wp\/v2\/posts"}],"about":[{"href":"https:\/\/www.spagnasoft.net\/index.php?rest_route=\/wp\/v2\/types\/post"}],"author":[{"embeddable":true,"href":"https:\/\/www.spagnasoft.net\/index.php?rest_route=\/wp\/v2\/users\/1"}],"replies":[{"embeddable":true,"href":"https:\/\/www.spagnasoft.net\/index.php?rest_route=%2Fwp%2Fv2%2Fcomments&post=350"}],"version-history":[{"count":0,"href":"https:\/\/www.spagnasoft.net\/index.php?rest_route=\/wp\/v2\/posts\/350\/revisions"}],"wp:featuredmedia":[{"embeddable":true,"href":"https:\/\/www.spagnasoft.net\/index.php?rest_route=\/wp\/v2\/media\/351"}],"wp:attachment":[{"href":"https:\/\/www.spagnasoft.net\/index.php?rest_route=%2Fwp%2Fv2%2Fmedia&parent=350"}],"wp:term":[{"taxonomy":"category","embeddable":true,"href":"https:\/\/www.spagnasoft.net\/index.php?rest_route=%2Fwp%2Fv2%2Fcategories&post=350"},{"taxonomy":"post_tag","embeddable":true,"href":"https:\/\/www.spagnasoft.net\/index.php?rest_route=%2Fwp%2Fv2%2Ftags&post=350"}],"curies":[{"name":"wp","href":"https:\/\/api.w.org\/{rel}","templated":true}]}}